{"id":811,"date":"2025-02-02T08:47:18","date_gmt":"2025-02-02T08:47:18","guid":{"rendered":"https:\/\/intersold.fr\/?p=811"},"modified":"2025-02-02T08:47:19","modified_gmt":"2025-02-02T08:47:19","slug":"gestion-du-temps-au-travail","status":"publish","type":"post","link":"https:\/\/intersold.fr\/?p=811","title":{"rendered":"Gestion du temps au travail"},"content":{"rendered":"\n<p>Gestion du temps au travail est vraiment cruciale pour \u00eatre super productif au travail. Que tu sois un employ\u00e9, un entrepreneur ou un \u00e9tudiant, savoir comment organiser et g\u00e9rer ton temps de mani\u00e8re efficace peut t\u2019aider \u00e0 accomplir beaucoup plus de t\u00e2ches, \u00e0 r\u00e9duire ton niveau de stress et \u00e0 am\u00e9liorer ta qualit\u00e9 de vie globale. Dans cet article, nous allons explorer diff\u00e9rentes techniques de gestion du temps qui peuvent t\u2019aider \u00e0 maximiser ta productivit\u00e9.<\/p>\n\n\n\n<ol class=\"wp-block-list\">\n<li><strong>Planification pr\u00e9alable<\/strong><\/li>\n\n\n\n<li><strong>La technique Pomodoro<\/strong><\/li>\n\n\n\n<li><strong>\u00c9viter les distractions<\/strong><\/li>\n\n\n\n<li><strong>Utiliser des outils de gestion du temps<\/strong><\/li>\n\n\n\n<li><strong>Priorisation et d\u00e9l\u00e9gation des t\u00e2ches<\/strong><\/li>\n\n\n\n<li><strong>Prendre des pauses r\u00e9guli\u00e8res<\/strong><\/li>\n\n\n\n<li><strong>Apprendre \u00e0 dire non<\/strong><\/li>\n<\/ol>\n\n\n\n<h2 class=\"wp-block-heading\">1-&nbsp;Planification pr\u00e9alable<\/h2>\n\n\n\n<p>La planification pr\u00e9alable est la cl\u00e9 d\u2019une gestion du temps au travail. Avant de commencer votre journ\u00e9e de travail, prenez quelques minutes pour \u00e9tablir une liste des t\u00e2ches que vous devez accomplir.<br>Classez-les par ordre de priorit\u00e9 en identifiant les t\u00e2ches les plus importantes et urgentes. Cela vous aidera \u00e0 rester concentr\u00e9 sur les activit\u00e9s essentielles et \u00e0 \u00e9viter de vous disperser.<\/p>\n\n\n\n<h2 class=\"wp-block-heading\">2-&nbsp;La technique Pomodoro<\/h2>\n\n\n\n<p>La technique Pomodoro est une m\u00e9thode de gestion du temps tr\u00e8s populaire. Elle consiste \u00e0 diviser votre gestion du temps au travail en intervalles de 25 minutes, appel\u00e9s \u00ab&nbsp;pomodoros&nbsp;\u00bb, suivis d\u2019une courte pause de 5 minutes. Apr\u00e8s quatre pomodoros, accordez-vous une pause plus longue d\u2019environ 15 \u00e0 30 minutes. Cette technique favorise la concentration et la productivit\u00e9 en utilisant des p\u00e9riodes de travail intensif entrecoup\u00e9es de pauses r\u00e9guli\u00e8res.<\/p>\n\n\n\n<figure class=\"wp-block-image\"><img decoding=\"async\" src=\"https:\/\/www.belformation.fr\/wp-content\/uploads\/2023\/07\/blog-post-5.png\" alt=\"Pause apr\u00e8s 5 pomodori pour une meilleure gestion du temps au travail productivit\u00e9\" class=\"wp-image-2273\" title=\"blog post (5)\"\/><\/figure>\n\n\n\n<h2 class=\"wp-block-heading\">3-&nbsp;\u00c9viter les distractions<\/h2>\n\n\n\n<p>Les distractions sont l\u2019ennemi de la gestion du temps. \u00c9liminez les distractions inutiles en \u00e9teignant les notifications de votre t\u00e9l\u00e9phone, en fermant les applications et les sites web non pertinents, et en cr\u00e9ant un environnement de travail calme et propice \u00e0 la concentration. Si n\u00e9cessaire, utilisez des bloqueurs d\u2019applications ou des extensions de navigateur pour limiter l\u2019acc\u00e8s aux sites web distrayants pendant vos p\u00e9riodes de travail.<\/p>\n\n\n\n<h2 class=\"wp-block-heading\">4-&nbsp;Utiliser des outils de gestion du temps<\/h2>\n\n\n\n<p>Il existe de nombreux outils et applications de gestion du temps qui peuvent vous aider \u00e0 organiser votre travail et \u00e0 suivre vos progr\u00e8s. Des outils de planification et de gestion de t\u00e2ches tels que Trello, Asana ou Todoist vous permettent de cr\u00e9er des listes de t\u00e2ches, de d\u00e9finir des deadlines et de suivre vos progr\u00e8s. Les applications de suivi du temps, comme RescueTime ou Toggl, vous aident \u00e0 identifier les activit\u00e9s qui vous font perdre du temps et \u00e0 ajuster votre emploi du temps en cons\u00e9quence.<\/p>\n\n\n\n<h2 class=\"wp-block-heading\">5-&nbsp;Priorisation et d\u00e9l\u00e9gation des t\u00e2ches<\/h2>\n\n\n\n<p>Il est important de savoir prioriser et d\u00e9l\u00e9guer les t\u00e2ches lorsque cela est possible. Identifiez les t\u00e2ches qui n\u00e9cessitent votre expertise ou votre attention personnelle et celles qui peuvent \u00eatre d\u00e9l\u00e9gu\u00e9es \u00e0 d\u2019autres membres de votre \u00e9quipe. Cela vous permettra de vous concentrer sur les t\u00e2ches les plus importantes et de lib\u00e9rer du temps pour d\u2019autres activit\u00e9s.<\/p>\n\n\n\n<h2 class=\"wp-block-heading\">6-&nbsp;Prendre des pauses r\u00e9guli\u00e8res<\/h2>\n\n\n\n<p>Prendre des pauses r\u00e9guli\u00e8res est essentiel pour maintenir sa productivit\u00e9 tout au long de la journ\u00e9e. Des pauses courtes toutes les heures ou deux heures permettent de recharger votre \u00e9nergie et de maintenir votre concentration. Profitez de ces pauses pour vous \u00e9tirer, faire une courte promenade ou simplement vous d\u00e9tendre. Ces moments de pause favorisent la clart\u00e9 mentale et vous aident \u00e0 rester productif.<\/p>\n\n\n\n<h2 class=\"wp-block-heading\">7-&nbsp;Apprendre \u00e0 dire non<\/h2>\n\n\n\n<p>Apprendre \u00e0 dire non est une comp\u00e9tence pr\u00e9cieuse en gestion du temps. Ne surchargez pas votre emploi du temps en acceptant toutes les demandes et les sollicitations. \u00c9valuez attentivement si une nouvelle t\u00e2che ou une nouvelle demande est vraiment n\u00e9cessaire et si vous avez la capacit\u00e9 de l\u2019accomplir sans compromettre votre travail actuel. Apprenez \u00e0 dire non de mani\u00e8re polie et \u00e0 vous concentrer sur les t\u00e2ches qui vous apportent le plus de valeur.<\/p>\n\n\n\n<p>En mettant en pratique ces techniques de gestion du temps, vous pourrez am\u00e9liorer votre productivit\u00e9, r\u00e9duire le stress et mieux \u00e9quilibrer votre vie professionnelle et personnelle. Trouvez les <a href=\"https:\/\/www.belformation.fr\/gestion-temps-travail\/\" target=\"_blank\" rel=\"noreferrer noopener\">m\u00e9thodes<\/a> qui fonctionnent le mieux pour vous et adaptez-les \u00e0 votre style de travail. En investissant du temps et de l\u2019effort dans la gestion de votre temps, vous pourrez atteindre vos <a href=\"https:\/\/intersold.fr\/?p=796\">objectifs<\/a> plus efficacement et profiter d\u2019une meilleure qualit\u00e9 de vie.<\/p>\n\n\n\n<p><\/p>\n","protected":false},"excerpt":{"rendered":"<p>Gestion du temps au travail est vraiment cruciale pour \u00eatre super productif au travail. Que tu sois un employ\u00e9, un entrepreneur ou un \u00e9tudiant, savoir comment organiser et g\u00e9rer ton temps de mani\u00e8re efficace peut t\u2019aider \u00e0 accomplir beaucoup plus de t\u00e2ches, \u00e0 r\u00e9duire ton niveau de stress et \u00e0 am\u00e9liorer ta qualit\u00e9 de vie [&hellip;]<\/p>\n","protected":false},"author":1,"featured_media":812,"comment_status":"closed","ping_status":"open","sticky":false,"template":"","format":"standard","meta":{"footnotes":""},"categories":[3],"tags":[],"class_list":["post-811","post","type-post","status-publish","format-standard","has-post-thumbnail","hentry","category-importation-de-produits"],"yoast_head":"<!-- This site is optimized with the Yoast SEO plugin v23.5 - https:\/\/yoast.com\/wordpress\/plugins\/seo\/ -->\n<title>Gestion du temps au travail - Intersold<\/title>\n<meta name=\"description\" content=\"Gestion du temps au travail est vraiment cruciale pour \u00eatre super productif au travail. Que tu sois un employ\u00e9, un entrepreneur ou un \u00e9tudiant\" \/>\n<meta name=\"robots\" content=\"index, follow, max-snippet:-1, max-image-preview:large, max-video-preview:-1\" \/>\n<link rel=\"canonical\" href=\"https:\/\/intersold.fr\/?p=811\" \/>\n<meta property=\"og:locale\" content=\"en_US\" \/>\n<meta property=\"og:type\" content=\"article\" \/>\n<meta property=\"og:title\" content=\"Gestion du temps au travail - Intersold\" \/>\n<meta property=\"og:description\" content=\"Gestion du temps au travail est vraiment cruciale pour \u00eatre super productif au travail. Que tu sois un employ\u00e9, un entrepreneur ou un \u00e9tudiant\" \/>\n<meta property=\"og:url\" content=\"https:\/\/intersold.fr\/?p=811\" \/>\n<meta property=\"og:site_name\" content=\"Intersold\" \/>\n<meta property=\"article:published_time\" content=\"2025-02-02T08:47:18+00:00\" \/>\n<meta property=\"article:modified_time\" content=\"2025-02-02T08:47:19+00:00\" \/>\n<meta property=\"og:image\" content=\"https:\/\/intersold.fr\/wp-content\/uploads\/2025\/02\/Agence-Pulse-Creative-Team.png\" \/>\n\t<meta property=\"og:image:width\" content=\"480\" \/>\n\t<meta property=\"og:image:height\" content=\"610\" \/>\n\t<meta property=\"og:image:type\" content=\"image\/png\" \/>\n<meta name=\"author\" content=\"jeremylibeskind_eqp1go5w\" \/>\n<meta name=\"twitter:card\" content=\"summary_large_image\" \/>\n<meta name=\"twitter:label1\" content=\"Written by\" \/>\n\t<meta name=\"twitter:data1\" content=\"jeremylibeskind_eqp1go5w\" \/>\n\t<meta name=\"twitter:label2\" content=\"Est. reading time\" \/>\n\t<meta name=\"twitter:data2\" content=\"4 minutes\" \/>\n<script type=\"application\/ld+json\" class=\"yoast-schema-graph\">{\"@context\":\"https:\/\/schema.org\",\"@graph\":[{\"@type\":\"Article\",\"@id\":\"https:\/\/intersold.fr\/?p=811#article\",\"isPartOf\":{\"@id\":\"https:\/\/intersold.fr\/?p=811\"},\"author\":{\"name\":\"jeremylibeskind_eqp1go5w\",\"@id\":\"https:\/\/intersold.fr\/#\/schema\/person\/063c08e3e12fbe088c62c4c5d974501a\"},\"headline\":\"Gestion du temps au travail\",\"datePublished\":\"2025-02-02T08:47:18+00:00\",\"dateModified\":\"2025-02-02T08:47:19+00:00\",\"mainEntityOfPage\":{\"@id\":\"https:\/\/intersold.fr\/?p=811\"},\"wordCount\":756,\"publisher\":{\"@id\":\"https:\/\/intersold.fr\/#organization\"},\"image\":{\"@id\":\"https:\/\/intersold.fr\/?p=811#primaryimage\"},\"thumbnailUrl\":\"https:\/\/intersold.fr\/wp-content\/uploads\/2025\/02\/Agence-Pulse-Creative-Team.png\",\"articleSection\":[\"Importation de produits\"],\"inLanguage\":\"en-US\"},{\"@type\":\"WebPage\",\"@id\":\"https:\/\/intersold.fr\/?p=811\",\"url\":\"https:\/\/intersold.fr\/?p=811\",\"name\":\"Gestion du temps au travail - Intersold\",\"isPartOf\":{\"@id\":\"https:\/\/intersold.fr\/#website\"},\"primaryImageOfPage\":{\"@id\":\"https:\/\/intersold.fr\/?p=811#primaryimage\"},\"image\":{\"@id\":\"https:\/\/intersold.fr\/?p=811#primaryimage\"},\"thumbnailUrl\":\"https:\/\/intersold.fr\/wp-content\/uploads\/2025\/02\/Agence-Pulse-Creative-Team.png\",\"datePublished\":\"2025-02-02T08:47:18+00:00\",\"dateModified\":\"2025-02-02T08:47:19+00:00\",\"description\":\"Gestion du temps au travail est vraiment cruciale pour \u00eatre super productif au travail. Que tu sois un employ\u00e9, un entrepreneur ou un \u00e9tudiant\",\"breadcrumb\":{\"@id\":\"https:\/\/intersold.fr\/?p=811#breadcrumb\"},\"inLanguage\":\"en-US\",\"potentialAction\":[{\"@type\":\"ReadAction\",\"target\":[\"https:\/\/intersold.fr\/?p=811\"]}]},{\"@type\":\"ImageObject\",\"inLanguage\":\"en-US\",\"@id\":\"https:\/\/intersold.fr\/?p=811#primaryimage\",\"url\":\"https:\/\/intersold.fr\/wp-content\/uploads\/2025\/02\/Agence-Pulse-Creative-Team.png\",\"contentUrl\":\"https:\/\/intersold.fr\/wp-content\/uploads\/2025\/02\/Agence-Pulse-Creative-Team.png\",\"width\":480,\"height\":610,\"caption\":\"Gestion du temps au travail\"},{\"@type\":\"BreadcrumbList\",\"@id\":\"https:\/\/intersold.fr\/?p=811#breadcrumb\",\"itemListElement\":[{\"@type\":\"ListItem\",\"position\":1,\"name\":\"Home\",\"item\":\"https:\/\/intersold.fr\/\"},{\"@type\":\"ListItem\",\"position\":2,\"name\":\"Gestion du temps au travail\"}]},{\"@type\":\"WebSite\",\"@id\":\"https:\/\/intersold.fr\/#website\",\"url\":\"https:\/\/intersold.fr\/\",\"name\":\"Intersold\",\"description\":\"Le sp\u00e9cialiste du permanent\",\"publisher\":{\"@id\":\"https:\/\/intersold.fr\/#organization\"},\"potentialAction\":[{\"@type\":\"SearchAction\",\"target\":{\"@type\":\"EntryPoint\",\"urlTemplate\":\"https:\/\/intersold.fr\/?s={search_term_string}\"},\"query-input\":{\"@type\":\"PropertyValueSpecification\",\"valueRequired\":true,\"valueName\":\"search_term_string\"}}],\"inLanguage\":\"en-US\"},{\"@type\":\"Organization\",\"@id\":\"https:\/\/intersold.fr\/#organization\",\"name\":\"Intersold\",\"url\":\"https:\/\/intersold.fr\/\",\"logo\":{\"@type\":\"ImageObject\",\"inLanguage\":\"en-US\",\"@id\":\"https:\/\/intersold.fr\/#\/schema\/logo\/image\/\",\"url\":\"https:\/\/intersold.fr\/wp-content\/uploads\/2024\/09\/cropped-cropped-INTERSOLD-LOGO.jpg\",\"contentUrl\":\"https:\/\/intersold.fr\/wp-content\/uploads\/2024\/09\/cropped-cropped-INTERSOLD-LOGO.jpg\",\"width\":512,\"height\":443,\"caption\":\"Intersold\"},\"image\":{\"@id\":\"https:\/\/intersold.fr\/#\/schema\/logo\/image\/\"}},{\"@type\":\"Person\",\"@id\":\"https:\/\/intersold.fr\/#\/schema\/person\/063c08e3e12fbe088c62c4c5d974501a\",\"name\":\"jeremylibeskind_eqp1go5w\",\"image\":{\"@type\":\"ImageObject\",\"inLanguage\":\"en-US\",\"@id\":\"https:\/\/intersold.fr\/#\/schema\/person\/image\/\",\"url\":\"https:\/\/secure.gravatar.com\/avatar\/1f4f809c43f07105b49cfdfbbd792ac6?s=96&d=mm&r=g\",\"contentUrl\":\"https:\/\/secure.gravatar.com\/avatar\/1f4f809c43f07105b49cfdfbbd792ac6?s=96&d=mm&r=g\",\"caption\":\"jeremylibeskind_eqp1go5w\"},\"url\":\"https:\/\/intersold.fr\/?author=1\"}]}<\/script>\n<!-- \/ Yoast SEO plugin. -->","yoast_head_json":{"title":"Gestion du temps au travail - Intersold","description":"Gestion du temps au travail est vraiment cruciale pour \u00eatre super productif au travail. Que tu sois un employ\u00e9, un entrepreneur ou un \u00e9tudiant","robots":{"index":"index","follow":"follow","max-snippet":"max-snippet:-1","max-image-preview":"max-image-preview:large","max-video-preview":"max-video-preview:-1"},"canonical":"https:\/\/intersold.fr\/?p=811","og_locale":"en_US","og_type":"article","og_title":"Gestion du temps au travail - Intersold","og_description":"Gestion du temps au travail est vraiment cruciale pour \u00eatre super productif au travail. Que tu sois un employ\u00e9, un entrepreneur ou un \u00e9tudiant","og_url":"https:\/\/intersold.fr\/?p=811","og_site_name":"Intersold","article_published_time":"2025-02-02T08:47:18+00:00","article_modified_time":"2025-02-02T08:47:19+00:00","og_image":[{"width":480,"height":610,"url":"https:\/\/intersold.fr\/wp-content\/uploads\/2025\/02\/Agence-Pulse-Creative-Team.png","type":"image\/png"}],"author":"jeremylibeskind_eqp1go5w","twitter_card":"summary_large_image","twitter_misc":{"Written by":"jeremylibeskind_eqp1go5w","Est. reading time":"4 minutes"},"schema":{"@context":"https:\/\/schema.org","@graph":[{"@type":"Article","@id":"https:\/\/intersold.fr\/?p=811#article","isPartOf":{"@id":"https:\/\/intersold.fr\/?p=811"},"author":{"name":"jeremylibeskind_eqp1go5w","@id":"https:\/\/intersold.fr\/#\/schema\/person\/063c08e3e12fbe088c62c4c5d974501a"},"headline":"Gestion du temps au travail","datePublished":"2025-02-02T08:47:18+00:00","dateModified":"2025-02-02T08:47:19+00:00","mainEntityOfPage":{"@id":"https:\/\/intersold.fr\/?p=811"},"wordCount":756,"publisher":{"@id":"https:\/\/intersold.fr\/#organization"},"image":{"@id":"https:\/\/intersold.fr\/?p=811#primaryimage"},"thumbnailUrl":"https:\/\/intersold.fr\/wp-content\/uploads\/2025\/02\/Agence-Pulse-Creative-Team.png","articleSection":["Importation de produits"],"inLanguage":"en-US"},{"@type":"WebPage","@id":"https:\/\/intersold.fr\/?p=811","url":"https:\/\/intersold.fr\/?p=811","name":"Gestion du temps au travail - Intersold","isPartOf":{"@id":"https:\/\/intersold.fr\/#website"},"primaryImageOfPage":{"@id":"https:\/\/intersold.fr\/?p=811#primaryimage"},"image":{"@id":"https:\/\/intersold.fr\/?p=811#primaryimage"},"thumbnailUrl":"https:\/\/intersold.fr\/wp-content\/uploads\/2025\/02\/Agence-Pulse-Creative-Team.png","datePublished":"2025-02-02T08:47:18+00:00","dateModified":"2025-02-02T08:47:19+00:00","description":"Gestion du temps au travail est vraiment cruciale pour \u00eatre super productif au travail. Que tu sois un employ\u00e9, un entrepreneur ou un \u00e9tudiant","breadcrumb":{"@id":"https:\/\/intersold.fr\/?p=811#breadcrumb"},"inLanguage":"en-US","potentialAction":[{"@type":"ReadAction","target":["https:\/\/intersold.fr\/?p=811"]}]},{"@type":"ImageObject","inLanguage":"en-US","@id":"https:\/\/intersold.fr\/?p=811#primaryimage","url":"https:\/\/intersold.fr\/wp-content\/uploads\/2025\/02\/Agence-Pulse-Creative-Team.png","contentUrl":"https:\/\/intersold.fr\/wp-content\/uploads\/2025\/02\/Agence-Pulse-Creative-Team.png","width":480,"height":610,"caption":"Gestion du temps au travail"},{"@type":"BreadcrumbList","@id":"https:\/\/intersold.fr\/?p=811#breadcrumb","itemListElement":[{"@type":"ListItem","position":1,"name":"Home","item":"https:\/\/intersold.fr\/"},{"@type":"ListItem","position":2,"name":"Gestion du temps au travail"}]},{"@type":"WebSite","@id":"https:\/\/intersold.fr\/#website","url":"https:\/\/intersold.fr\/","name":"Intersold","description":"Le sp\u00e9cialiste du permanent","publisher":{"@id":"https:\/\/intersold.fr\/#organization"},"potentialAction":[{"@type":"SearchAction","target":{"@type":"EntryPoint","urlTemplate":"https:\/\/intersold.fr\/?s={search_term_string}"},"query-input":{"@type":"PropertyValueSpecification","valueRequired":true,"valueName":"search_term_string"}}],"inLanguage":"en-US"},{"@type":"Organization","@id":"https:\/\/intersold.fr\/#organization","name":"Intersold","url":"https:\/\/intersold.fr\/","logo":{"@type":"ImageObject","inLanguage":"en-US","@id":"https:\/\/intersold.fr\/#\/schema\/logo\/image\/","url":"https:\/\/intersold.fr\/wp-content\/uploads\/2024\/09\/cropped-cropped-INTERSOLD-LOGO.jpg","contentUrl":"https:\/\/intersold.fr\/wp-content\/uploads\/2024\/09\/cropped-cropped-INTERSOLD-LOGO.jpg","width":512,"height":443,"caption":"Intersold"},"image":{"@id":"https:\/\/intersold.fr\/#\/schema\/logo\/image\/"}},{"@type":"Person","@id":"https:\/\/intersold.fr\/#\/schema\/person\/063c08e3e12fbe088c62c4c5d974501a","name":"jeremylibeskind_eqp1go5w","image":{"@type":"ImageObject","inLanguage":"en-US","@id":"https:\/\/intersold.fr\/#\/schema\/person\/image\/","url":"https:\/\/secure.gravatar.com\/avatar\/1f4f809c43f07105b49cfdfbbd792ac6?s=96&d=mm&r=g","contentUrl":"https:\/\/secure.gravatar.com\/avatar\/1f4f809c43f07105b49cfdfbbd792ac6?s=96&d=mm&r=g","caption":"jeremylibeskind_eqp1go5w"},"url":"https:\/\/intersold.fr\/?author=1"}]}},"_links":{"self":[{"href":"https:\/\/intersold.fr\/index.php?rest_route=\/wp\/v2\/posts\/811"}],"collection":[{"href":"https:\/\/intersold.fr\/index.php?rest_route=\/wp\/v2\/posts"}],"about":[{"href":"https:\/\/intersold.fr\/index.php?rest_route=\/wp\/v2\/types\/post"}],"author":[{"embeddable":true,"href":"https:\/\/intersold.fr\/index.php?rest_route=\/wp\/v2\/users\/1"}],"replies":[{"embeddable":true,"href":"https:\/\/intersold.fr\/index.php?rest_route=%2Fwp%2Fv2%2Fcomments&post=811"}],"version-history":[{"count":1,"href":"https:\/\/intersold.fr\/index.php?rest_route=\/wp\/v2\/posts\/811\/revisions"}],"predecessor-version":[{"id":813,"href":"https:\/\/intersold.fr\/index.php?rest_route=\/wp\/v2\/posts\/811\/revisions\/813"}],"wp:featuredmedia":[{"embeddable":true,"href":"https:\/\/intersold.fr\/index.php?rest_route=\/wp\/v2\/media\/812"}],"wp:attachment":[{"href":"https:\/\/intersold.fr\/index.php?rest_route=%2Fwp%2Fv2%2Fmedia&parent=811"}],"wp:term":[{"taxonomy":"category","embeddable":true,"href":"https:\/\/intersold.fr\/index.php?rest_route=%2Fwp%2Fv2%2Fcategories&post=811"},{"taxonomy":"post_tag","embeddable":true,"href":"https:\/\/intersold.fr\/index.php?rest_route=%2Fwp%2Fv2%2Ftags&post=811"}],"curies":[{"name":"wp","href":"https:\/\/api.w.org\/{rel}","templated":true}]}}