{"id":803,"date":"2025-01-26T11:45:27","date_gmt":"2025-01-26T11:45:27","guid":{"rendered":"https:\/\/intersold.fr\/?p=803"},"modified":"2025-01-26T11:45:40","modified_gmt":"2025-01-26T11:45:40","slug":"limport-export-eco-responsable","status":"publish","type":"post","link":"https:\/\/intersold.fr\/?p=803","title":{"rendered":"L&#8217;Import-Export \u00c9co-Responsable"},"content":{"rendered":"\n<p>Dans un monde o\u00f9 les enjeux environnementaux deviennent de plus en plus importants, le secteur de l&#8217;import-export doit s&#8217;adapter \u00e0 des normes et des pratiques \u00e9co-responsables. <strong>Intersold<\/strong>, acteur reconnu dans ce domaine, s&#8217;engage \u00e0 promouvoir une activit\u00e9 commerciale respectueuse de l&#8217;environnement, en int\u00e9grant des strat\u00e9gies durables et responsables dans ses processus d&#8217;<a href=\"https:\/\/intersold.fr\/?page_id=435\">importation<\/a> et d&#8217;exportation. D\u00e9couvrez les nouvelles normes et lois qui r\u00e9gissent ce secteur, ainsi que les formations qui permettent de se former aux pratiques \u00e9co-responsables pour l&#8217;import-export.<\/p>\n\n\n\n<h3 class=\"wp-block-heading\"><strong>Les Nouvelles Normes et Lois en Mati\u00e8re d&#8217;Import-Export \u00c9co-Responsable<\/strong><\/h3>\n\n\n\n<p>L&#8217;import-export est un secteur cl\u00e9 dans l&#8217;\u00e9conomie mondiale, mais il est \u00e9galement un des plus grands contributeurs aux \u00e9missions de gaz \u00e0 effet de serre. En r\u00e9ponse \u00e0 cette probl\u00e9matique, plusieurs <strong>normes<\/strong> et <strong>lois<\/strong> ont \u00e9t\u00e9 mises en place pour r\u00e9guler les pratiques et encourager des processus commerciaux plus \u00e9cologiques.<\/p>\n\n\n\n<ol class=\"wp-block-list\">\n<li><strong>La Loi Anti-Gaspillage pour une \u00c9conomie Circulaire (AGEC)<\/strong> : Depuis 2020, cette loi impose aux entreprises d\u2019adopter des pratiques visant \u00e0 r\u00e9duire la production de d\u00e9chets et \u00e0 encourager la r\u00e9utilisation des mat\u00e9riaux. Dans le secteur de l&#8217;import-export, cela implique l&#8217;optimisation des cha\u00eenes logistiques pour r\u00e9duire les emballages inutiles, la s\u00e9lection de produits fabriqu\u00e9s \u00e0 partir de mat\u00e9riaux recycl\u00e9s, et la gestion des d\u00e9chets \u00e0 chaque \u00e9tape du processus.<\/li>\n\n\n\n<li><strong>Le R\u00e8glement REACH (Enregistrement, \u00c9valuation, Autorisation et Restriction des Produits Chimiques)<\/strong> : Ce r\u00e8glement europ\u00e9en impose des exigences strictes sur la gestion des produits chimiques. Les entreprises importatrices doivent s&#8217;assurer que les produits qu&#8217;elles commercialisent respectent les normes de s\u00e9curit\u00e9 et de protection de l&#8217;environnement. Les exportateurs europ\u00e9ens, quant \u00e0 eux, doivent respecter les r\u00e9glementations environnementales du pays de destination.<\/li>\n\n\n\n<li><strong>La Directive Europ\u00e9enne sur l&#8217;\u00c9co-Conception<\/strong> : Cette directive encourage les entreprises \u00e0 concevoir des produits en prenant en compte leur cycle de vie complet, de leur fabrication \u00e0 leur fin de vie. Cela inclut la r\u00e9duction de l&#8217;empreinte carbone, la consommation responsable des ressources, et la gestion des d\u00e9chets. Pour les importateurs et exportateurs, cela signifie que les produits doivent r\u00e9pondre \u00e0 des crit\u00e8res de durabilit\u00e9 et de recyclabilit\u00e9.<\/li>\n\n\n\n<li><strong>La Loi sur la Responsabilit\u00e9 Soci\u00e9tale des Entreprises (RSE)<\/strong> : De plus en plus de pays, y compris la France, int\u00e8grent dans leur l\u00e9gislation des mesures incitant les entreprises \u00e0 respecter des pratiques commerciales responsables et durables. Cela inclut le respect des droits humains, la lutte contre la corruption, ainsi que l&#8217;impact environnemental des activit\u00e9s d&#8217;import-export.<\/li>\n<\/ol>\n\n\n\n<h3 class=\"wp-block-heading\"><strong>Formations Li\u00e9es \u00e0 l&#8217;Import-Export \u00c9co-Responsable<\/strong><\/h3>\n\n\n\n<p>Pour aider les professionnels du secteur \u00e0 se conformer aux nouvelles exigences \u00e9cologiques, plusieurs <a href=\"https:\/\/www.belformation.fr\/\">formations <\/a>sont propos\u00e9es pour int\u00e9grer des pratiques durables dans le processus d&#8217;importation et d&#8217;exportation.<\/p>\n\n\n\n<ol class=\"wp-block-list\">\n<li><strong>Formation en Gestion de la Cha\u00eene Logistique Durable<\/strong> \u2013 <em>MOOC Supply Chain<\/em>\n<ul class=\"wp-block-list\">\n<li><strong>Public vis\u00e9<\/strong> : Responsables logistiques, importateurs, exportateurs.<\/li>\n\n\n\n<li><strong>Objectif<\/strong> : Acqu\u00e9rir des comp\u00e9tences pour g\u00e9rer une cha\u00eene d&#8217;approvisionnement durable, en optimisant les transports, les emballages, et en choisissant des mat\u00e9riaux et produits \u00e9cologiques.<\/li>\n\n\n\n<li><strong>Site web<\/strong> : <a href=\"https:\/\/www.supplychain-mooc.com\">Supply Chain MOOC<\/a><\/li>\n<\/ul>\n<\/li>\n\n\n\n<li><strong>Formation en Droit de l&#8217;Environnement et Responsabilit\u00e9 Soci\u00e9tale des Entreprises (RSE)<\/strong> \u2013 <em>Universit\u00e9 de Paris-Dauphine<\/em>\n<ul class=\"wp-block-list\">\n<li><strong>Public vis\u00e9<\/strong> : Avocats, conseillers juridiques, responsables RSE.<\/li>\n\n\n\n<li><strong>Objectif<\/strong> : Comprendre les aspects l\u00e9gislatifs de la RSE et leur application dans l&#8217;import-export, afin de garantir que l&#8217;entreprise respecte les normes environnementales et sociales.<\/li>\n\n\n\n<li><strong>Site web<\/strong> : <a href=\"https:\/\/www.dauphine.fr\">Paris-Dauphine<\/a><\/li>\n<\/ul>\n<\/li>\n\n\n\n<li><strong>Formation en Logistique Verte et \u00c9co-Design<\/strong> \u2013 <em>Coursera (Universit\u00e9 de Stanford)<\/em>\n<ul class=\"wp-block-list\">\n<li><strong>Public vis\u00e9<\/strong> : Responsables de la cha\u00eene d&#8217;approvisionnement, gestionnaires de projet.<\/li>\n\n\n\n<li><strong>Objectif<\/strong> : Apprendre \u00e0 int\u00e9grer des pratiques \u00e9cologiques dans la gestion de la logistique, \u00e0 r\u00e9duire les \u00e9missions de CO2 et \u00e0 concevoir des processus plus verts pour l&#8217;import-export.<\/li>\n\n\n\n<li><strong>Site web<\/strong> : <a href=\"https:\/\/www.coursera.org\">Coursera &#8211; Logistique Verte<\/a><\/li>\n<\/ul>\n<\/li>\n\n\n\n<li><strong>Formation en \u00c9conomie Circulaire pour le Commerce International<\/strong> \u2013 <em>Eco-Design Academy<\/em>\n<ul class=\"wp-block-list\">\n<li><strong>Public vis\u00e9<\/strong> : Commerciaux, responsables de l&#8217;import-export.<\/li>\n\n\n\n<li><strong>Objectif<\/strong> : Acqu\u00e9rir les comp\u00e9tences n\u00e9cessaires pour int\u00e9grer les principes de l&#8217;\u00e9conomie circulaire dans les pratiques commerciales internationales et promouvoir des produits durables et recyclables.<\/li>\n\n\n\n<li><strong>Site web<\/strong> : <a href=\"https:\/\/www.ecodesign-academy.com\">Eco-Design Academy<\/a><\/li>\n<\/ul>\n<\/li>\n<\/ol>\n\n\n\n<h3 class=\"wp-block-heading\"><strong>Exemples Concrets d&#8217;Actions pour un Import-Export \u00c9co-Responsable<\/strong><\/h3>\n\n\n\n<p>Les entreprises comme <strong>Intersold<\/strong> ont mis en place des actions concr\u00e8tes pour int\u00e9grer l&#8217;\u00e9co-responsabilit\u00e9 dans leur activit\u00e9 d&#8217;import-export. Voici quelques exemples d&#8217;initiatives pour illustrer ce changement de paradigme :<\/p>\n\n\n\n<ol class=\"wp-block-list\">\n<li><strong>Optimisation des Transports et R\u00e9duction des \u00c9missions de CO2<\/strong> : Intersold travaille en \u00e9troite collaboration avec des partenaires logistiques sp\u00e9cialis\u00e9s dans la gestion durable des transports. Cela inclut l&#8217;utilisation de v\u00e9hicules \u00e0 faibles \u00e9missions, la consolidation des exp\u00e9ditions pour r\u00e9duire les trajets, et l&#8217;optimisation des itin\u00e9raires pour minimiser la consommation de carburant.<\/li>\n\n\n\n<li><strong>S\u00e9lection de Fournisseurs Responsables<\/strong> : L&#8217;entreprise s&#8217;engage \u00e0 travailler avec des fournisseurs qui respectent les normes \u00e9cologiques, qui produisent localement ou qui utilisent des mat\u00e9riaux recycl\u00e9s. Ce processus de s\u00e9lection garantit que chaque produit import\u00e9 ou export\u00e9 par Intersold respecte des crit\u00e8res stricts de durabilit\u00e9.<\/li>\n\n\n\n<li><strong>Emballages Durables et Recyclables<\/strong> : L&#8217;un des engagements majeurs d&#8217;Intersold est de r\u00e9duire l&#8217;utilisation des plastiques \u00e0 usage unique. L&#8217;entreprise privil\u00e9gie les emballages recyclables et r\u00e9utilisables et encourage ses partenaires \u00e0 adopter des pratiques similaires.<\/li>\n\n\n\n<li><strong>Sensibilisation et Formation Interne<\/strong> : Intersold propose \u00e0 ses employ\u00e9s des formations sur la gestion des d\u00e9chets, l&#8217;\u00e9co-conception, et les normes RSE. Ces formations assurent que chaque acteur de l&#8217;entreprise est inform\u00e9 et capable de contribuer \u00e0 des pratiques plus durables et \u00e9thiques.<\/li>\n<\/ol>\n\n\n\n<h3 class=\"wp-block-heading\"><strong>Un Import-Export Plus Responsable avec Intersold<\/strong><\/h3>\n\n\n\n<p>Dans un environnement commercial de plus en plus ax\u00e9 sur la durabilit\u00e9, <strong>Intersold<\/strong> montre l&#8217;exemple en adoptant des pratiques d&#8217;import-export \u00e9co-responsables. De l&#8217;optimisation des transports \u00e0 la s\u00e9lection des fournisseurs, en passant par l&#8217;\u00e9co-conception des produits, l&#8217;entreprise met tout en \u0153uvre pour garantir un impact minimal sur l&#8217;environnement.<\/p>\n\n\n\n<p>En vous formant aux nouvelles normes et en adoptant des pratiques durables, vous aussi pouvez contribuer \u00e0 faire \u00e9voluer le secteur de l&#8217;import-export vers plus de responsabilit\u00e9. Faites le choix d&#8217;un avenir plus vert et d\u00e9couvrez les formations disponibles pour vous aider \u00e0 vous engager dans ce secteur en pleine \u00e9volution.<\/p>\n","protected":false},"excerpt":{"rendered":"<p>Dans un monde o\u00f9 les enjeux environnementaux deviennent de plus en plus importants, le secteur de l&#8217;import-export doit s&#8217;adapter \u00e0 des normes et des pratiques \u00e9co-responsables. Intersold, acteur reconnu dans ce domaine, s&#8217;engage \u00e0 promouvoir une activit\u00e9 commerciale respectueuse de l&#8217;environnement, en int\u00e9grant des strat\u00e9gies durables et responsables dans ses processus d&#8217;importation et d&#8217;exportation. D\u00e9couvrez [&hellip;]<\/p>\n","protected":false},"author":1,"featured_media":541,"comment_status":"closed","ping_status":"open","sticky":false,"template":"","format":"standard","meta":{"footnotes":""},"categories":[3],"tags":[],"class_list":["post-803","post","type-post","status-publish","format-standard","has-post-thumbnail","hentry","category-importation-de-produits"],"yoast_head":"<!-- This site is optimized with the Yoast SEO plugin v23.5 - https:\/\/yoast.com\/wordpress\/plugins\/seo\/ -->\n<title>L&#039;Import-Export \u00c9co-Responsable - Intersold<\/title>\n<meta name=\"description\" content=\"Dans un monde o\u00f9 les enjeux environnementaux deviennent de plus en plus importants, le secteur de l&#039;import-export doit s&#039;adapter \u00e0 des normes\" \/>\n<meta name=\"robots\" content=\"index, follow, max-snippet:-1, max-image-preview:large, max-video-preview:-1\" \/>\n<link rel=\"canonical\" href=\"https:\/\/intersold.fr\/?p=803\" \/>\n<meta property=\"og:locale\" content=\"en_US\" \/>\n<meta property=\"og:type\" content=\"article\" \/>\n<meta property=\"og:title\" content=\"L&#039;Import-Export \u00c9co-Responsable - Intersold\" \/>\n<meta property=\"og:description\" content=\"Dans un monde o\u00f9 les enjeux environnementaux deviennent de plus en plus importants, le secteur de l&#039;import-export doit s&#039;adapter \u00e0 des normes\" \/>\n<meta property=\"og:url\" content=\"https:\/\/intersold.fr\/?p=803\" \/>\n<meta property=\"og:site_name\" content=\"Intersold\" \/>\n<meta property=\"article:published_time\" content=\"2025-01-26T11:45:27+00:00\" \/>\n<meta property=\"article:modified_time\" content=\"2025-01-26T11:45:40+00:00\" \/>\n<meta property=\"og:image\" content=\"https:\/\/intersold.fr\/wp-content\/uploads\/2024\/09\/jeremylib_highlight_a_cardboard_box_that_stands_out_in_a_wareho_31f1fc7c-57c9-433c-9821-0dc7704953e7.png\" \/>\n\t<meta property=\"og:image:width\" content=\"1024\" \/>\n\t<meta property=\"og:image:height\" content=\"1024\" \/>\n\t<meta property=\"og:image:type\" content=\"image\/png\" \/>\n<meta name=\"author\" content=\"jeremylibeskind_eqp1go5w\" \/>\n<meta name=\"twitter:card\" content=\"summary_large_image\" \/>\n<meta name=\"twitter:label1\" content=\"Written by\" \/>\n\t<meta name=\"twitter:data1\" content=\"jeremylibeskind_eqp1go5w\" \/>\n\t<meta name=\"twitter:label2\" content=\"Est. reading time\" \/>\n\t<meta name=\"twitter:data2\" content=\"5 minutes\" \/>\n<script type=\"application\/ld+json\" class=\"yoast-schema-graph\">{\"@context\":\"https:\/\/schema.org\",\"@graph\":[{\"@type\":\"Article\",\"@id\":\"https:\/\/intersold.fr\/?p=803#article\",\"isPartOf\":{\"@id\":\"https:\/\/intersold.fr\/?p=803\"},\"author\":{\"name\":\"jeremylibeskind_eqp1go5w\",\"@id\":\"https:\/\/intersold.fr\/#\/schema\/person\/063c08e3e12fbe088c62c4c5d974501a\"},\"headline\":\"L&#8217;Import-Export \u00c9co-Responsable\",\"datePublished\":\"2025-01-26T11:45:27+00:00\",\"dateModified\":\"2025-01-26T11:45:40+00:00\",\"mainEntityOfPage\":{\"@id\":\"https:\/\/intersold.fr\/?p=803\"},\"wordCount\":1024,\"publisher\":{\"@id\":\"https:\/\/intersold.fr\/#organization\"},\"image\":{\"@id\":\"https:\/\/intersold.fr\/?p=803#primaryimage\"},\"thumbnailUrl\":\"https:\/\/intersold.fr\/wp-content\/uploads\/2024\/09\/jeremylib_highlight_a_cardboard_box_that_stands_out_in_a_wareho_31f1fc7c-57c9-433c-9821-0dc7704953e7.png\",\"articleSection\":[\"Importation de produits\"],\"inLanguage\":\"en-US\"},{\"@type\":\"WebPage\",\"@id\":\"https:\/\/intersold.fr\/?p=803\",\"url\":\"https:\/\/intersold.fr\/?p=803\",\"name\":\"L'Import-Export \u00c9co-Responsable - Intersold\",\"isPartOf\":{\"@id\":\"https:\/\/intersold.fr\/#website\"},\"primaryImageOfPage\":{\"@id\":\"https:\/\/intersold.fr\/?p=803#primaryimage\"},\"image\":{\"@id\":\"https:\/\/intersold.fr\/?p=803#primaryimage\"},\"thumbnailUrl\":\"https:\/\/intersold.fr\/wp-content\/uploads\/2024\/09\/jeremylib_highlight_a_cardboard_box_that_stands_out_in_a_wareho_31f1fc7c-57c9-433c-9821-0dc7704953e7.png\",\"datePublished\":\"2025-01-26T11:45:27+00:00\",\"dateModified\":\"2025-01-26T11:45:40+00:00\",\"description\":\"Dans un monde o\u00f9 les enjeux environnementaux deviennent de plus en plus importants, le secteur de l'import-export doit s'adapter \u00e0 des normes\",\"breadcrumb\":{\"@id\":\"https:\/\/intersold.fr\/?p=803#breadcrumb\"},\"inLanguage\":\"en-US\",\"potentialAction\":[{\"@type\":\"ReadAction\",\"target\":[\"https:\/\/intersold.fr\/?p=803\"]}]},{\"@type\":\"ImageObject\",\"inLanguage\":\"en-US\",\"@id\":\"https:\/\/intersold.fr\/?p=803#primaryimage\",\"url\":\"https:\/\/intersold.fr\/wp-content\/uploads\/2024\/09\/jeremylib_highlight_a_cardboard_box_that_stands_out_in_a_wareho_31f1fc7c-57c9-433c-9821-0dc7704953e7.png\",\"contentUrl\":\"https:\/\/intersold.fr\/wp-content\/uploads\/2024\/09\/jeremylib_highlight_a_cardboard_box_that_stands_out_in_a_wareho_31f1fc7c-57c9-433c-9821-0dc7704953e7.png\",\"width\":1024,\"height\":1024,\"caption\":\"limport-export-eco-responsable\"},{\"@type\":\"BreadcrumbList\",\"@id\":\"https:\/\/intersold.fr\/?p=803#breadcrumb\",\"itemListElement\":[{\"@type\":\"ListItem\",\"position\":1,\"name\":\"Home\",\"item\":\"https:\/\/intersold.fr\/\"},{\"@type\":\"ListItem\",\"position\":2,\"name\":\"L&#8217;Import-Export \u00c9co-Responsable\"}]},{\"@type\":\"WebSite\",\"@id\":\"https:\/\/intersold.fr\/#website\",\"url\":\"https:\/\/intersold.fr\/\",\"name\":\"Intersold\",\"description\":\"Le sp\u00e9cialiste du permanent\",\"publisher\":{\"@id\":\"https:\/\/intersold.fr\/#organization\"},\"potentialAction\":[{\"@type\":\"SearchAction\",\"target\":{\"@type\":\"EntryPoint\",\"urlTemplate\":\"https:\/\/intersold.fr\/?s={search_term_string}\"},\"query-input\":{\"@type\":\"PropertyValueSpecification\",\"valueRequired\":true,\"valueName\":\"search_term_string\"}}],\"inLanguage\":\"en-US\"},{\"@type\":\"Organization\",\"@id\":\"https:\/\/intersold.fr\/#organization\",\"name\":\"Intersold\",\"url\":\"https:\/\/intersold.fr\/\",\"logo\":{\"@type\":\"ImageObject\",\"inLanguage\":\"en-US\",\"@id\":\"https:\/\/intersold.fr\/#\/schema\/logo\/image\/\",\"url\":\"https:\/\/intersold.fr\/wp-content\/uploads\/2024\/09\/cropped-cropped-INTERSOLD-LOGO.jpg\",\"contentUrl\":\"https:\/\/intersold.fr\/wp-content\/uploads\/2024\/09\/cropped-cropped-INTERSOLD-LOGO.jpg\",\"width\":512,\"height\":443,\"caption\":\"Intersold\"},\"image\":{\"@id\":\"https:\/\/intersold.fr\/#\/schema\/logo\/image\/\"}},{\"@type\":\"Person\",\"@id\":\"https:\/\/intersold.fr\/#\/schema\/person\/063c08e3e12fbe088c62c4c5d974501a\",\"name\":\"jeremylibeskind_eqp1go5w\",\"image\":{\"@type\":\"ImageObject\",\"inLanguage\":\"en-US\",\"@id\":\"https:\/\/intersold.fr\/#\/schema\/person\/image\/\",\"url\":\"https:\/\/secure.gravatar.com\/avatar\/1f4f809c43f07105b49cfdfbbd792ac6?s=96&d=mm&r=g\",\"contentUrl\":\"https:\/\/secure.gravatar.com\/avatar\/1f4f809c43f07105b49cfdfbbd792ac6?s=96&d=mm&r=g\",\"caption\":\"jeremylibeskind_eqp1go5w\"},\"url\":\"https:\/\/intersold.fr\/?author=1\"}]}<\/script>\n<!-- \/ Yoast SEO plugin. -->","yoast_head_json":{"title":"L'Import-Export \u00c9co-Responsable - Intersold","description":"Dans un monde o\u00f9 les enjeux environnementaux deviennent de plus en plus importants, le secteur de l'import-export doit s'adapter \u00e0 des normes","robots":{"index":"index","follow":"follow","max-snippet":"max-snippet:-1","max-image-preview":"max-image-preview:large","max-video-preview":"max-video-preview:-1"},"canonical":"https:\/\/intersold.fr\/?p=803","og_locale":"en_US","og_type":"article","og_title":"L'Import-Export \u00c9co-Responsable - Intersold","og_description":"Dans un monde o\u00f9 les enjeux environnementaux deviennent de plus en plus importants, le secteur de l'import-export doit s'adapter \u00e0 des normes","og_url":"https:\/\/intersold.fr\/?p=803","og_site_name":"Intersold","article_published_time":"2025-01-26T11:45:27+00:00","article_modified_time":"2025-01-26T11:45:40+00:00","og_image":[{"width":1024,"height":1024,"url":"https:\/\/intersold.fr\/wp-content\/uploads\/2024\/09\/jeremylib_highlight_a_cardboard_box_that_stands_out_in_a_wareho_31f1fc7c-57c9-433c-9821-0dc7704953e7.png","type":"image\/png"}],"author":"jeremylibeskind_eqp1go5w","twitter_card":"summary_large_image","twitter_misc":{"Written by":"jeremylibeskind_eqp1go5w","Est. reading time":"5 minutes"},"schema":{"@context":"https:\/\/schema.org","@graph":[{"@type":"Article","@id":"https:\/\/intersold.fr\/?p=803#article","isPartOf":{"@id":"https:\/\/intersold.fr\/?p=803"},"author":{"name":"jeremylibeskind_eqp1go5w","@id":"https:\/\/intersold.fr\/#\/schema\/person\/063c08e3e12fbe088c62c4c5d974501a"},"headline":"L&#8217;Import-Export \u00c9co-Responsable","datePublished":"2025-01-26T11:45:27+00:00","dateModified":"2025-01-26T11:45:40+00:00","mainEntityOfPage":{"@id":"https:\/\/intersold.fr\/?p=803"},"wordCount":1024,"publisher":{"@id":"https:\/\/intersold.fr\/#organization"},"image":{"@id":"https:\/\/intersold.fr\/?p=803#primaryimage"},"thumbnailUrl":"https:\/\/intersold.fr\/wp-content\/uploads\/2024\/09\/jeremylib_highlight_a_cardboard_box_that_stands_out_in_a_wareho_31f1fc7c-57c9-433c-9821-0dc7704953e7.png","articleSection":["Importation de produits"],"inLanguage":"en-US"},{"@type":"WebPage","@id":"https:\/\/intersold.fr\/?p=803","url":"https:\/\/intersold.fr\/?p=803","name":"L'Import-Export \u00c9co-Responsable - Intersold","isPartOf":{"@id":"https:\/\/intersold.fr\/#website"},"primaryImageOfPage":{"@id":"https:\/\/intersold.fr\/?p=803#primaryimage"},"image":{"@id":"https:\/\/intersold.fr\/?p=803#primaryimage"},"thumbnailUrl":"https:\/\/intersold.fr\/wp-content\/uploads\/2024\/09\/jeremylib_highlight_a_cardboard_box_that_stands_out_in_a_wareho_31f1fc7c-57c9-433c-9821-0dc7704953e7.png","datePublished":"2025-01-26T11:45:27+00:00","dateModified":"2025-01-26T11:45:40+00:00","description":"Dans un monde o\u00f9 les enjeux environnementaux deviennent de plus en plus importants, le secteur de l'import-export doit s'adapter \u00e0 des normes","breadcrumb":{"@id":"https:\/\/intersold.fr\/?p=803#breadcrumb"},"inLanguage":"en-US","potentialAction":[{"@type":"ReadAction","target":["https:\/\/intersold.fr\/?p=803"]}]},{"@type":"ImageObject","inLanguage":"en-US","@id":"https:\/\/intersold.fr\/?p=803#primaryimage","url":"https:\/\/intersold.fr\/wp-content\/uploads\/2024\/09\/jeremylib_highlight_a_cardboard_box_that_stands_out_in_a_wareho_31f1fc7c-57c9-433c-9821-0dc7704953e7.png","contentUrl":"https:\/\/intersold.fr\/wp-content\/uploads\/2024\/09\/jeremylib_highlight_a_cardboard_box_that_stands_out_in_a_wareho_31f1fc7c-57c9-433c-9821-0dc7704953e7.png","width":1024,"height":1024,"caption":"limport-export-eco-responsable"},{"@type":"BreadcrumbList","@id":"https:\/\/intersold.fr\/?p=803#breadcrumb","itemListElement":[{"@type":"ListItem","position":1,"name":"Home","item":"https:\/\/intersold.fr\/"},{"@type":"ListItem","position":2,"name":"L&#8217;Import-Export \u00c9co-Responsable"}]},{"@type":"WebSite","@id":"https:\/\/intersold.fr\/#website","url":"https:\/\/intersold.fr\/","name":"Intersold","description":"Le sp\u00e9cialiste du permanent","publisher":{"@id":"https:\/\/intersold.fr\/#organization"},"potentialAction":[{"@type":"SearchAction","target":{"@type":"EntryPoint","urlTemplate":"https:\/\/intersold.fr\/?s={search_term_string}"},"query-input":{"@type":"PropertyValueSpecification","valueRequired":true,"valueName":"search_term_string"}}],"inLanguage":"en-US"},{"@type":"Organization","@id":"https:\/\/intersold.fr\/#organization","name":"Intersold","url":"https:\/\/intersold.fr\/","logo":{"@type":"ImageObject","inLanguage":"en-US","@id":"https:\/\/intersold.fr\/#\/schema\/logo\/image\/","url":"https:\/\/intersold.fr\/wp-content\/uploads\/2024\/09\/cropped-cropped-INTERSOLD-LOGO.jpg","contentUrl":"https:\/\/intersold.fr\/wp-content\/uploads\/2024\/09\/cropped-cropped-INTERSOLD-LOGO.jpg","width":512,"height":443,"caption":"Intersold"},"image":{"@id":"https:\/\/intersold.fr\/#\/schema\/logo\/image\/"}},{"@type":"Person","@id":"https:\/\/intersold.fr\/#\/schema\/person\/063c08e3e12fbe088c62c4c5d974501a","name":"jeremylibeskind_eqp1go5w","image":{"@type":"ImageObject","inLanguage":"en-US","@id":"https:\/\/intersold.fr\/#\/schema\/person\/image\/","url":"https:\/\/secure.gravatar.com\/avatar\/1f4f809c43f07105b49cfdfbbd792ac6?s=96&d=mm&r=g","contentUrl":"https:\/\/secure.gravatar.com\/avatar\/1f4f809c43f07105b49cfdfbbd792ac6?s=96&d=mm&r=g","caption":"jeremylibeskind_eqp1go5w"},"url":"https:\/\/intersold.fr\/?author=1"}]}},"_links":{"self":[{"href":"https:\/\/intersold.fr\/index.php?rest_route=\/wp\/v2\/posts\/803"}],"collection":[{"href":"https:\/\/intersold.fr\/index.php?rest_route=\/wp\/v2\/posts"}],"about":[{"href":"https:\/\/intersold.fr\/index.php?rest_route=\/wp\/v2\/types\/post"}],"author":[{"embeddable":true,"href":"https:\/\/intersold.fr\/index.php?rest_route=\/wp\/v2\/users\/1"}],"replies":[{"embeddable":true,"href":"https:\/\/intersold.fr\/index.php?rest_route=%2Fwp%2Fv2%2Fcomments&post=803"}],"version-history":[{"count":1,"href":"https:\/\/intersold.fr\/index.php?rest_route=\/wp\/v2\/posts\/803\/revisions"}],"predecessor-version":[{"id":804,"href":"https:\/\/intersold.fr\/index.php?rest_route=\/wp\/v2\/posts\/803\/revisions\/804"}],"wp:featuredmedia":[{"embeddable":true,"href":"https:\/\/intersold.fr\/index.php?rest_route=\/wp\/v2\/media\/541"}],"wp:attachment":[{"href":"https:\/\/intersold.fr\/index.php?rest_route=%2Fwp%2Fv2%2Fmedia&parent=803"}],"wp:term":[{"taxonomy":"category","embeddable":true,"href":"https:\/\/intersold.fr\/index.php?rest_route=%2Fwp%2Fv2%2Fcategories&post=803"},{"taxonomy":"post_tag","embeddable":true,"href":"https:\/\/intersold.fr\/index.php?rest_route=%2Fwp%2Fv2%2Ftags&post=803"}],"curies":[{"name":"wp","href":"https:\/\/api.w.org\/{rel}","templated":true}]}}