{"id":685,"date":"2024-09-26T21:21:41","date_gmt":"2024-09-26T21:21:41","guid":{"rendered":"https:\/\/intersold.fr\/?p=685"},"modified":"2024-09-27T05:38:02","modified_gmt":"2024-09-27T05:38:02","slug":"la-montee-en-puissance-du-produit-personnalise","status":"publish","type":"post","link":"https:\/\/intersold.fr\/?p=685","title":{"rendered":"La Mont\u00e9e en Puissance du Produit Personnalis\u00e9"},"content":{"rendered":"\n<p>Depuis plus de deux d\u00e9cennies, <strong>Intersod<\/strong> s&#8217;impose comme le sp\u00e9cialiste incontournable du permanent et du d\u00e9stockage, offrant une large gamme d\u2019\u00e9quipements pour la maison et la personne. Cette expertise lui a permis de r\u00e9pondre aux besoins diversifi\u00e9s de ses clients en alliant qualit\u00e9, accessibilit\u00e9 et innovation. Aujourd\u2019hui, deux tendances majeures transforment le march\u00e9 : la <strong>mode des <a data-type=\"page\" data-id=\"435\" href=\"https:\/\/intersold.fr\/?page_id=435\">produits personnalis\u00e9s<\/a><\/strong> et l\u2019\u00e9mergence de produits <strong>\u00e9co-responsables, \u00e9thiques et militants<\/strong>.<\/p>\n\n\n\n<figure class=\"wp-block-image size-full is-resized\"><img fetchpriority=\"high\" decoding=\"async\" width=\"1024\" height=\"1024\" src=\"https:\/\/intersold.fr\/wp-content\/uploads\/2024\/09\/jeremylib_a_warehouse_with_ecological_products_-v_6.1_deeb996e-6e09-4b77-9491-96ab11d1baa9.png\" alt=\"La Mont\u00e9e en Puissance du Produit Personnalis\u00e9\" class=\"wp-image-686\" style=\"width:383px;height:auto\" srcset=\"https:\/\/intersold.fr\/wp-content\/uploads\/2024\/09\/jeremylib_a_warehouse_with_ecological_products_-v_6.1_deeb996e-6e09-4b77-9491-96ab11d1baa9.png 1024w, https:\/\/intersold.fr\/wp-content\/uploads\/2024\/09\/jeremylib_a_warehouse_with_ecological_products_-v_6.1_deeb996e-6e09-4b77-9491-96ab11d1baa9-300x300.png 300w, https:\/\/intersold.fr\/wp-content\/uploads\/2024\/09\/jeremylib_a_warehouse_with_ecological_products_-v_6.1_deeb996e-6e09-4b77-9491-96ab11d1baa9-150x150.png 150w, https:\/\/intersold.fr\/wp-content\/uploads\/2024\/09\/jeremylib_a_warehouse_with_ecological_products_-v_6.1_deeb996e-6e09-4b77-9491-96ab11d1baa9-768x768.png 768w\" sizes=\"(max-width: 1024px) 100vw, 1024px\" \/><\/figure>\n\n\n\n<h2 class=\"wp-block-heading\">La Mont\u00e9e en Puissance du Produit Personnalis\u00e9<\/h2>\n\n\n\n<p>L\u2019envie de se distinguer est de plus en plus forte chez les consommateurs. Qu&#8217;il s&#8217;agisse de v\u00eatements, d&#8217;articles pour la maison ou d\u2019accessoires, la <strong>personnalisation<\/strong> est devenue une v\u00e9ritable tendance. Intersold s\u2019inscrit dans cette d\u00e9marche en proposant une gamme d\u2019articles que les clients peuvent personnaliser selon leurs go\u00fbts. Les produits personnalis\u00e9s permettent non seulement d\u2019exprimer son style unique, mais aussi de cr\u00e9er des objets qui ont une valeur sentimentale.<\/p>\n\n\n\n<p>En proposant des services de personnalisation, <strong>Intersod<\/strong> r\u00e9pond \u00e0 cette demande croissante tout en permettant \u00e0 ses clients de s\u2019approprier leurs articles, les rendant plus exclusifs et originaux.<\/p>\n\n\n\n<h2 class=\"wp-block-heading\">Le Produit \u00c9co-responsable : Une Valeur Ajout\u00e9e Essentielle<\/h2>\n\n\n\n<p>En parall\u00e8le, le consommateur moderne est de plus en plus soucieux de son impact environnemental. Le <strong>produit \u00e9co-responsable<\/strong> prend de l&#8217;importance, qu&#8217;il s&#8217;agisse de mat\u00e9riaux durables, de proc\u00e9d\u00e9s de fabrication r\u00e9duisant l&#8217;empreinte carbone, ou d&#8217;emballages \u00e9cologiques.<\/p>\n\n\n\n<p>Intersold s\u2019adapte \u00e0 cette tendance en \u00e9largissant son catalogue avec des articles fabriqu\u00e9s \u00e0 partir de mat\u00e9riaux recycl\u00e9s ou issus de sources durables. Cela permet \u00e0 l\u2019entreprise de proposer des solutions respectueuses de l\u2019environnement tout en maintenant des prix attractifs.<\/p>\n\n\n\n<h2 class=\"wp-block-heading\">La Mode \u00c9thique et Militant : L&#8217;Exemple de Particulariz<\/h2>\n\n\n\n<p>Dans le m\u00eame esprit, les produits \u00e9thiques et militants gagnent du terrain. Un excellent exemple de cette \u00e9volution est la marque <strong><a href=\"https:\/\/particulariz.fr\/\" data-type=\"link\" data-id=\"https:\/\/particulariz.fr\/\" target=\"_blank\" rel=\"noreferrer noopener\">Particulariz<\/a><\/strong>, un acteur majeur de la mode durable. Cette marque pr\u00f4ne une mode engag\u00e9e, offrant des articles con\u00e7us avec des mat\u00e9riaux respectueux de l\u2019environnement tout en promouvant des valeurs fortes, telles que l&#8217;\u00e9galit\u00e9 et la protection de la plan\u00e8te.<\/p>\n\n\n\n<p>Les produits militants ne se limitent plus \u00e0 leur simple usage, ils portent un message, une id\u00e9e ou une cause que l\u2019on d\u00e9fend. Chez Intersod, nous croyons en cette mode responsable et participons \u00e0 ce mouvement en soutenant des marques comme Particulariz, qui montrent l\u2019exemple en mati\u00e8re d\u2019engagement environnemental et social.<\/p>\n\n\n\n<h3 class=\"wp-block-heading\">Pourquoi Choisir Intersold ?<\/h3>\n\n\n\n<p>Avec plus de 20 ans d\u2019exp\u00e9rience dans le secteur du d\u00e9stockage, Intersold a toujours su anticiper les tendances et s\u2019adapter aux attentes des consommateurs. Que ce soit \u00e0 travers la personnalisation, l\u2019\u00e9co-responsabilit\u00e9 ou l\u2019\u00e9thique, <strong>Intersod<\/strong> s\u2019efforce d\u2019offrir des produits \u00e0 la fois innovants, accessibles et durables, permettant \u00e0 chacun de consommer mieux tout en pr\u00e9servant son budget.<\/p>\n\n\n\n<p>En choisissant <strong>Intersod<\/strong>, vous faites le choix d\u2019une entreprise qui s\u2019engage \u00e0 proposer des articles de qualit\u00e9, qui respectent les valeurs actuelles tout en demeurant accessibles \u00e0 tous.<\/p>\n","protected":false},"excerpt":{"rendered":"<p>Depuis plus de deux d\u00e9cennies, Intersod s&#8217;impose comme le sp\u00e9cialiste incontournable du permanent et du d\u00e9stockage, offrant une large gamme d\u2019\u00e9quipements pour la maison et la personne. Cette expertise lui a permis de r\u00e9pondre aux besoins diversifi\u00e9s de ses clients en alliant qualit\u00e9, accessibilit\u00e9 et innovation. Aujourd\u2019hui, deux tendances majeures transforment le march\u00e9 : la [&hellip;]<\/p>\n","protected":false},"author":1,"featured_media":686,"comment_status":"closed","ping_status":"closed","sticky":false,"template":"","format":"standard","meta":{"footnotes":""},"categories":[3],"tags":[],"class_list":["post-685","post","type-post","status-publish","format-standard","has-post-thumbnail","hentry","category-importation-de-produits"],"yoast_head":"<!-- This site is optimized with the Yoast SEO plugin v23.5 - https:\/\/yoast.com\/wordpress\/plugins\/seo\/ -->\n<title>La Mont\u00e9e en Puissance du Produit Personnalis\u00e9 - Intersold<\/title>\n<meta name=\"robots\" content=\"index, follow, max-snippet:-1, max-image-preview:large, max-video-preview:-1\" \/>\n<link rel=\"canonical\" href=\"https:\/\/intersold.fr\/?p=685\" \/>\n<meta property=\"og:locale\" content=\"en_US\" \/>\n<meta property=\"og:type\" content=\"article\" \/>\n<meta property=\"og:title\" content=\"La Mont\u00e9e en Puissance du Produit Personnalis\u00e9 - Intersold\" \/>\n<meta property=\"og:description\" content=\"Depuis plus de deux d\u00e9cennies, Intersod s&#8217;impose comme le sp\u00e9cialiste incontournable du permanent et du d\u00e9stockage, offrant une large gamme d\u2019\u00e9quipements pour la maison et la personne. Cette expertise lui a permis de r\u00e9pondre aux besoins diversifi\u00e9s de ses clients en alliant qualit\u00e9, accessibilit\u00e9 et innovation. Aujourd\u2019hui, deux tendances majeures transforment le march\u00e9 : la [&hellip;]\" \/>\n<meta property=\"og:url\" content=\"https:\/\/intersold.fr\/?p=685\" \/>\n<meta property=\"og:site_name\" content=\"Intersold\" \/>\n<meta property=\"article:published_time\" content=\"2024-09-26T21:21:41+00:00\" \/>\n<meta property=\"article:modified_time\" content=\"2024-09-27T05:38:02+00:00\" \/>\n<meta property=\"og:image\" content=\"https:\/\/intersold.fr\/wp-content\/uploads\/2024\/09\/jeremylib_a_warehouse_with_ecological_products_-v_6.1_deeb996e-6e09-4b77-9491-96ab11d1baa9.png\" \/>\n\t<meta property=\"og:image:width\" content=\"1024\" \/>\n\t<meta property=\"og:image:height\" content=\"1024\" \/>\n\t<meta property=\"og:image:type\" content=\"image\/png\" \/>\n<meta name=\"author\" content=\"jeremylibeskind_eqp1go5w\" \/>\n<meta name=\"twitter:card\" content=\"summary_large_image\" \/>\n<meta name=\"twitter:label1\" content=\"Written by\" \/>\n\t<meta name=\"twitter:data1\" content=\"jeremylibeskind_eqp1go5w\" \/>\n\t<meta name=\"twitter:label2\" content=\"Est. reading time\" \/>\n\t<meta name=\"twitter:data2\" content=\"3 minutes\" \/>\n<script type=\"application\/ld+json\" class=\"yoast-schema-graph\">{\"@context\":\"https:\/\/schema.org\",\"@graph\":[{\"@type\":\"Article\",\"@id\":\"https:\/\/intersold.fr\/?p=685#article\",\"isPartOf\":{\"@id\":\"https:\/\/intersold.fr\/?p=685\"},\"author\":{\"name\":\"jeremylibeskind_eqp1go5w\",\"@id\":\"https:\/\/intersold.fr\/#\/schema\/person\/063c08e3e12fbe088c62c4c5d974501a\"},\"headline\":\"La Mont\u00e9e en Puissance du Produit Personnalis\u00e9\",\"datePublished\":\"2024-09-26T21:21:41+00:00\",\"dateModified\":\"2024-09-27T05:38:02+00:00\",\"mainEntityOfPage\":{\"@id\":\"https:\/\/intersold.fr\/?p=685\"},\"wordCount\":525,\"publisher\":{\"@id\":\"https:\/\/intersold.fr\/#organization\"},\"image\":{\"@id\":\"https:\/\/intersold.fr\/?p=685#primaryimage\"},\"thumbnailUrl\":\"https:\/\/intersold.fr\/wp-content\/uploads\/2024\/09\/jeremylib_a_warehouse_with_ecological_products_-v_6.1_deeb996e-6e09-4b77-9491-96ab11d1baa9.png\",\"articleSection\":[\"Importation de produits\"],\"inLanguage\":\"en-US\"},{\"@type\":\"WebPage\",\"@id\":\"https:\/\/intersold.fr\/?p=685\",\"url\":\"https:\/\/intersold.fr\/?p=685\",\"name\":\"La Mont\u00e9e en Puissance du Produit Personnalis\u00e9 - Intersold\",\"isPartOf\":{\"@id\":\"https:\/\/intersold.fr\/#website\"},\"primaryImageOfPage\":{\"@id\":\"https:\/\/intersold.fr\/?p=685#primaryimage\"},\"image\":{\"@id\":\"https:\/\/intersold.fr\/?p=685#primaryimage\"},\"thumbnailUrl\":\"https:\/\/intersold.fr\/wp-content\/uploads\/2024\/09\/jeremylib_a_warehouse_with_ecological_products_-v_6.1_deeb996e-6e09-4b77-9491-96ab11d1baa9.png\",\"datePublished\":\"2024-09-26T21:21:41+00:00\",\"dateModified\":\"2024-09-27T05:38:02+00:00\",\"breadcrumb\":{\"@id\":\"https:\/\/intersold.fr\/?p=685#breadcrumb\"},\"inLanguage\":\"en-US\",\"potentialAction\":[{\"@type\":\"ReadAction\",\"target\":[\"https:\/\/intersold.fr\/?p=685\"]}]},{\"@type\":\"ImageObject\",\"inLanguage\":\"en-US\",\"@id\":\"https:\/\/intersold.fr\/?p=685#primaryimage\",\"url\":\"https:\/\/intersold.fr\/wp-content\/uploads\/2024\/09\/jeremylib_a_warehouse_with_ecological_products_-v_6.1_deeb996e-6e09-4b77-9491-96ab11d1baa9.png\",\"contentUrl\":\"https:\/\/intersold.fr\/wp-content\/uploads\/2024\/09\/jeremylib_a_warehouse_with_ecological_products_-v_6.1_deeb996e-6e09-4b77-9491-96ab11d1baa9.png\",\"width\":1024,\"height\":1024,\"caption\":\"La Mont\u00e9e en Puissance du Produit Personnalis\u00e9\"},{\"@type\":\"BreadcrumbList\",\"@id\":\"https:\/\/intersold.fr\/?p=685#breadcrumb\",\"itemListElement\":[{\"@type\":\"ListItem\",\"position\":1,\"name\":\"Home\",\"item\":\"https:\/\/intersold.fr\/\"},{\"@type\":\"ListItem\",\"position\":2,\"name\":\"La Mont\u00e9e en Puissance du Produit Personnalis\u00e9\"}]},{\"@type\":\"WebSite\",\"@id\":\"https:\/\/intersold.fr\/#website\",\"url\":\"https:\/\/intersold.fr\/\",\"name\":\"Intersold\",\"description\":\"Le sp\u00e9cialiste du permanent\",\"publisher\":{\"@id\":\"https:\/\/intersold.fr\/#organization\"},\"potentialAction\":[{\"@type\":\"SearchAction\",\"target\":{\"@type\":\"EntryPoint\",\"urlTemplate\":\"https:\/\/intersold.fr\/?s={search_term_string}\"},\"query-input\":{\"@type\":\"PropertyValueSpecification\",\"valueRequired\":true,\"valueName\":\"search_term_string\"}}],\"inLanguage\":\"en-US\"},{\"@type\":\"Organization\",\"@id\":\"https:\/\/intersold.fr\/#organization\",\"name\":\"Intersold\",\"url\":\"https:\/\/intersold.fr\/\",\"logo\":{\"@type\":\"ImageObject\",\"inLanguage\":\"en-US\",\"@id\":\"https:\/\/intersold.fr\/#\/schema\/logo\/image\/\",\"url\":\"https:\/\/intersold.fr\/wp-content\/uploads\/2024\/09\/cropped-cropped-INTERSOLD-LOGO.jpg\",\"contentUrl\":\"https:\/\/intersold.fr\/wp-content\/uploads\/2024\/09\/cropped-cropped-INTERSOLD-LOGO.jpg\",\"width\":512,\"height\":443,\"caption\":\"Intersold\"},\"image\":{\"@id\":\"https:\/\/intersold.fr\/#\/schema\/logo\/image\/\"}},{\"@type\":\"Person\",\"@id\":\"https:\/\/intersold.fr\/#\/schema\/person\/063c08e3e12fbe088c62c4c5d974501a\",\"name\":\"jeremylibeskind_eqp1go5w\",\"image\":{\"@type\":\"ImageObject\",\"inLanguage\":\"en-US\",\"@id\":\"https:\/\/intersold.fr\/#\/schema\/person\/image\/\",\"url\":\"https:\/\/secure.gravatar.com\/avatar\/1f4f809c43f07105b49cfdfbbd792ac6?s=96&d=mm&r=g\",\"contentUrl\":\"https:\/\/secure.gravatar.com\/avatar\/1f4f809c43f07105b49cfdfbbd792ac6?s=96&d=mm&r=g\",\"caption\":\"jeremylibeskind_eqp1go5w\"},\"url\":\"https:\/\/intersold.fr\/?author=1\"}]}<\/script>\n<!-- \/ Yoast SEO plugin. -->","yoast_head_json":{"title":"La Mont\u00e9e en Puissance du Produit Personnalis\u00e9 - Intersold","robots":{"index":"index","follow":"follow","max-snippet":"max-snippet:-1","max-image-preview":"max-image-preview:large","max-video-preview":"max-video-preview:-1"},"canonical":"https:\/\/intersold.fr\/?p=685","og_locale":"en_US","og_type":"article","og_title":"La Mont\u00e9e en Puissance du Produit Personnalis\u00e9 - Intersold","og_description":"Depuis plus de deux d\u00e9cennies, Intersod s&#8217;impose comme le sp\u00e9cialiste incontournable du permanent et du d\u00e9stockage, offrant une large gamme d\u2019\u00e9quipements pour la maison et la personne. Cette expertise lui a permis de r\u00e9pondre aux besoins diversifi\u00e9s de ses clients en alliant qualit\u00e9, accessibilit\u00e9 et innovation. Aujourd\u2019hui, deux tendances majeures transforment le march\u00e9 : la [&hellip;]","og_url":"https:\/\/intersold.fr\/?p=685","og_site_name":"Intersold","article_published_time":"2024-09-26T21:21:41+00:00","article_modified_time":"2024-09-27T05:38:02+00:00","og_image":[{"width":1024,"height":1024,"url":"https:\/\/intersold.fr\/wp-content\/uploads\/2024\/09\/jeremylib_a_warehouse_with_ecological_products_-v_6.1_deeb996e-6e09-4b77-9491-96ab11d1baa9.png","type":"image\/png"}],"author":"jeremylibeskind_eqp1go5w","twitter_card":"summary_large_image","twitter_misc":{"Written by":"jeremylibeskind_eqp1go5w","Est. reading time":"3 minutes"},"schema":{"@context":"https:\/\/schema.org","@graph":[{"@type":"Article","@id":"https:\/\/intersold.fr\/?p=685#article","isPartOf":{"@id":"https:\/\/intersold.fr\/?p=685"},"author":{"name":"jeremylibeskind_eqp1go5w","@id":"https:\/\/intersold.fr\/#\/schema\/person\/063c08e3e12fbe088c62c4c5d974501a"},"headline":"La Mont\u00e9e en Puissance du Produit Personnalis\u00e9","datePublished":"2024-09-26T21:21:41+00:00","dateModified":"2024-09-27T05:38:02+00:00","mainEntityOfPage":{"@id":"https:\/\/intersold.fr\/?p=685"},"wordCount":525,"publisher":{"@id":"https:\/\/intersold.fr\/#organization"},"image":{"@id":"https:\/\/intersold.fr\/?p=685#primaryimage"},"thumbnailUrl":"https:\/\/intersold.fr\/wp-content\/uploads\/2024\/09\/jeremylib_a_warehouse_with_ecological_products_-v_6.1_deeb996e-6e09-4b77-9491-96ab11d1baa9.png","articleSection":["Importation de produits"],"inLanguage":"en-US"},{"@type":"WebPage","@id":"https:\/\/intersold.fr\/?p=685","url":"https:\/\/intersold.fr\/?p=685","name":"La Mont\u00e9e en Puissance du Produit Personnalis\u00e9 - Intersold","isPartOf":{"@id":"https:\/\/intersold.fr\/#website"},"primaryImageOfPage":{"@id":"https:\/\/intersold.fr\/?p=685#primaryimage"},"image":{"@id":"https:\/\/intersold.fr\/?p=685#primaryimage"},"thumbnailUrl":"https:\/\/intersold.fr\/wp-content\/uploads\/2024\/09\/jeremylib_a_warehouse_with_ecological_products_-v_6.1_deeb996e-6e09-4b77-9491-96ab11d1baa9.png","datePublished":"2024-09-26T21:21:41+00:00","dateModified":"2024-09-27T05:38:02+00:00","breadcrumb":{"@id":"https:\/\/intersold.fr\/?p=685#breadcrumb"},"inLanguage":"en-US","potentialAction":[{"@type":"ReadAction","target":["https:\/\/intersold.fr\/?p=685"]}]},{"@type":"ImageObject","inLanguage":"en-US","@id":"https:\/\/intersold.fr\/?p=685#primaryimage","url":"https:\/\/intersold.fr\/wp-content\/uploads\/2024\/09\/jeremylib_a_warehouse_with_ecological_products_-v_6.1_deeb996e-6e09-4b77-9491-96ab11d1baa9.png","contentUrl":"https:\/\/intersold.fr\/wp-content\/uploads\/2024\/09\/jeremylib_a_warehouse_with_ecological_products_-v_6.1_deeb996e-6e09-4b77-9491-96ab11d1baa9.png","width":1024,"height":1024,"caption":"La Mont\u00e9e en Puissance du Produit Personnalis\u00e9"},{"@type":"BreadcrumbList","@id":"https:\/\/intersold.fr\/?p=685#breadcrumb","itemListElement":[{"@type":"ListItem","position":1,"name":"Home","item":"https:\/\/intersold.fr\/"},{"@type":"ListItem","position":2,"name":"La Mont\u00e9e en Puissance du Produit Personnalis\u00e9"}]},{"@type":"WebSite","@id":"https:\/\/intersold.fr\/#website","url":"https:\/\/intersold.fr\/","name":"Intersold","description":"Le sp\u00e9cialiste du permanent","publisher":{"@id":"https:\/\/intersold.fr\/#organization"},"potentialAction":[{"@type":"SearchAction","target":{"@type":"EntryPoint","urlTemplate":"https:\/\/intersold.fr\/?s={search_term_string}"},"query-input":{"@type":"PropertyValueSpecification","valueRequired":true,"valueName":"search_term_string"}}],"inLanguage":"en-US"},{"@type":"Organization","@id":"https:\/\/intersold.fr\/#organization","name":"Intersold","url":"https:\/\/intersold.fr\/","logo":{"@type":"ImageObject","inLanguage":"en-US","@id":"https:\/\/intersold.fr\/#\/schema\/logo\/image\/","url":"https:\/\/intersold.fr\/wp-content\/uploads\/2024\/09\/cropped-cropped-INTERSOLD-LOGO.jpg","contentUrl":"https:\/\/intersold.fr\/wp-content\/uploads\/2024\/09\/cropped-cropped-INTERSOLD-LOGO.jpg","width":512,"height":443,"caption":"Intersold"},"image":{"@id":"https:\/\/intersold.fr\/#\/schema\/logo\/image\/"}},{"@type":"Person","@id":"https:\/\/intersold.fr\/#\/schema\/person\/063c08e3e12fbe088c62c4c5d974501a","name":"jeremylibeskind_eqp1go5w","image":{"@type":"ImageObject","inLanguage":"en-US","@id":"https:\/\/intersold.fr\/#\/schema\/person\/image\/","url":"https:\/\/secure.gravatar.com\/avatar\/1f4f809c43f07105b49cfdfbbd792ac6?s=96&d=mm&r=g","contentUrl":"https:\/\/secure.gravatar.com\/avatar\/1f4f809c43f07105b49cfdfbbd792ac6?s=96&d=mm&r=g","caption":"jeremylibeskind_eqp1go5w"},"url":"https:\/\/intersold.fr\/?author=1"}]}},"_links":{"self":[{"href":"https:\/\/intersold.fr\/index.php?rest_route=\/wp\/v2\/posts\/685"}],"collection":[{"href":"https:\/\/intersold.fr\/index.php?rest_route=\/wp\/v2\/posts"}],"about":[{"href":"https:\/\/intersold.fr\/index.php?rest_route=\/wp\/v2\/types\/post"}],"author":[{"embeddable":true,"href":"https:\/\/intersold.fr\/index.php?rest_route=\/wp\/v2\/users\/1"}],"replies":[{"embeddable":true,"href":"https:\/\/intersold.fr\/index.php?rest_route=%2Fwp%2Fv2%2Fcomments&post=685"}],"version-history":[{"count":3,"href":"https:\/\/intersold.fr\/index.php?rest_route=\/wp\/v2\/posts\/685\/revisions"}],"predecessor-version":[{"id":711,"href":"https:\/\/intersold.fr\/index.php?rest_route=\/wp\/v2\/posts\/685\/revisions\/711"}],"wp:featuredmedia":[{"embeddable":true,"href":"https:\/\/intersold.fr\/index.php?rest_route=\/wp\/v2\/media\/686"}],"wp:attachment":[{"href":"https:\/\/intersold.fr\/index.php?rest_route=%2Fwp%2Fv2%2Fmedia&parent=685"}],"wp:term":[{"taxonomy":"category","embeddable":true,"href":"https:\/\/intersold.fr\/index.php?rest_route=%2Fwp%2Fv2%2Fcategories&post=685"},{"taxonomy":"post_tag","embeddable":true,"href":"https:\/\/intersold.fr\/index.php?rest_route=%2Fwp%2Fv2%2Ftags&post=685"}],"curies":[{"name":"wp","href":"https:\/\/api.w.org\/{rel}","templated":true}]}}